{"id":114,"date":"2015-06-01T19:10:32","date_gmt":"2015-06-01T17:10:32","guid":{"rendered":"http:\/\/www.triathlon-eintracht-hildesheim.de\/wordpress\/?p=114"},"modified":"2024-06-03T18:21:35","modified_gmt":"2024-06-03T16:21:35","slug":"dag-stoermer-gewinnt-in-harsewinkel-seine-altersklasse","status":"publish","type":"post","link":"http:\/\/www.triathlon-eintracht-hildesheim.de\/wordpress\/?p=114","title":{"rendered":"Dag St\u00f6rmer gewinnt in Harsewinkel seine Altersklasse"},"content":{"rendered":"<p class=\"\">Eintracht-Triathlet Dag St\u00f6rmer konnte beim Pfl\u00fcger Triathlon in Harsewinkel mit dem zweiten Gesamtplatz \u00fcber die Mitteldistanz einen tollen Erfolg verbuchen. Hier sein Bericht:<\/p>\n<p class=\"\">Zum ersten Wettkampf ( Formtest) ging es zur Mitteldistanz nach Harsewinkel. Hier standen 2 km Schwimmen, 80 km Rad und 20 km Laufen auf dem Plan. Prim\u00e4res Ziel war es, die vorgegebenen Werte vom Trainer umzusetzen. Das Schwimmen fand im Freibad statt. Leider hatte ich eine Bahn mit 9 Leuten erwischt, wodurch das Schwimmen recht unruhig wurde. Insgesamt gelang mir eine durchwachsende Schwimmleistung und ich wechselte in etwa auf Position 8 liegend auf die Radstrecke. Hier lief es von Anfang bis Ende, trotz teilweise starkem Wind, \u00a0rund und ich konnte die vorgegebenen Wattwerte recht gut umsetzen. Obwohl ich einige \u00fcberholen konnte, war mir bis zum Ende der Radstrecke nicht klar, an welcher Postion ich lag. Beim abschlie\u00dfenden 20 km Lauf fand ich sofort in meinen Rhythmus, sodass ich ein einigermassen gleichm\u00e4ssiges Tempo laufen konnte. Im Ziel konnte ich mich in einer Zeit von 3:51:36 Std. \u00fcber den 2. Platz (Gesamt) und 1. Platz in der AK freuen. Der Sieger war am heutigen Tag einfach zu stark und konnte sich \u00fcber eine Zeit von etwa 3:44 Std. freuen.<\/p>\n<p><a href=\"http:\/\/www.dag-stoermer.de\/\">http:\/\/www.dag-stoermer.de\/<\/a><\/p>\n","protected":false},"excerpt":{"rendered":"<p>Eintracht-Triathlet Dag St\u00f6rmer konnte beim Pfl\u00fcger Triathlon in Harsewinkel mit dem zweiten Gesamtplatz \u00fcber die Mitteldistanz einen tollen Erfolg verbuchen. Hier sein Bericht: Zum ersten Wettkampf ( Formtest) ging es zur Mitteldistanz nach Harsewinkel. Hier standen 2 km Schwimmen, 80 km Rad und 20 km Laufen auf dem Plan. Prim\u00e4res Ziel war es, die vorgegebenen [&hellip;]<\/p>\n","protected":false},"author":1,"featured_media":0,"comment_status":"open","ping_status":"open","sticky":false,"template":"","format":"standard","meta":{"footnotes":""},"categories":[5,1,11],"tags":[],"_links":{"self":[{"href":"http:\/\/www.triathlon-eintracht-hildesheim.de\/wordpress\/index.php?rest_route=\/wp\/v2\/posts\/114"}],"collection":[{"href":"http:\/\/www.triathlon-eintracht-hildesheim.de\/wordpress\/index.php?rest_route=\/wp\/v2\/posts"}],"about":[{"href":"http:\/\/www.triathlon-eintracht-hildesheim.de\/wordpress\/index.php?rest_route=\/wp\/v2\/types\/post"}],"author":[{"embeddable":true,"href":"http:\/\/www.triathlon-eintracht-hildesheim.de\/wordpress\/index.php?rest_route=\/wp\/v2\/users\/1"}],"replies":[{"embeddable":true,"href":"http:\/\/www.triathlon-eintracht-hildesheim.de\/wordpress\/index.php?rest_route=%2Fwp%2Fv2%2Fcomments&post=114"}],"version-history":[{"count":4,"href":"http:\/\/www.triathlon-eintracht-hildesheim.de\/wordpress\/index.php?rest_route=\/wp\/v2\/posts\/114\/revisions"}],"predecessor-version":[{"id":118,"href":"http:\/\/www.triathlon-eintracht-hildesheim.de\/wordpress\/index.php?rest_route=\/wp\/v2\/posts\/114\/revisions\/118"}],"wp:attachment":[{"href":"http:\/\/www.triathlon-eintracht-hildesheim.de\/wordpress\/index.php?rest_route=%2Fwp%2Fv2%2Fmedia&parent=114"}],"wp:term":[{"taxonomy":"category","embeddable":true,"href":"http:\/\/www.triathlon-eintracht-hildesheim.de\/wordpress\/index.php?rest_route=%2Fwp%2Fv2%2Fcategories&post=114"},{"taxonomy":"post_tag","embeddable":true,"href":"http:\/\/www.triathlon-eintracht-hildesheim.de\/wordpress\/index.php?rest_route=%2Fwp%2Fv2%2Ftags&post=114"}],"curies":[{"name":"wp","href":"https:\/\/api.w.org\/{rel}","templated":true}]}}